[{"@context":"https:\/\/schema.org\/","@type":"Article","@id":"https:\/\/www.muronka.cz\/je-chovani-psu-v-panelakovem-byte-eticke\/#Article","mainEntityOfPage":"https:\/\/www.muronka.cz\/je-chovani-psu-v-panelakovem-byte-eticke\/","headline":"Je chov\u00e1n\u00ed ps\u016f v panel\u00e1kov\u00e9m byt\u011b etick\u00e9?","name":"Je chov\u00e1n\u00ed ps\u016f v panel\u00e1kov\u00e9m byt\u011b etick\u00e9?","description":"Psi pat\u0159\u00ed dnes k\u00a0nej\u010dast\u011bji chovan\u00fdm dom\u00e1c\u00edm mazl\u00ed\u010dk\u016fm v\u00a0na\u0161\u00ed republice. Vzhledem k\u00a0po\u010dtu dom\u00e1cnost\u00ed, kter\u00e9 alespo\u0148 jednoho vlastn\u00ed, je jasn\u00e9, \u017ee nen\u00ed mo\u017en\u00e9, aby v\u0161ichni m\u011bli rodinn\u00fd domek. Z\u00a0toho samoz\u0159ejm\u011b vypl\u00fdv\u00e1, \u017ee mnoho ps\u016f \u017eije v\u00a0byt\u011b, nej\u010dast\u011bji v\u00a0panel\u00e1ku.\u00a0To v\u0161ak n\u011bkter\u00fdm m\u016f\u017ee vadit, nebo\u0165 to pova\u017euj\u00ed za t\u00fdr\u00e1n\u00ed zv\u00ed\u0159at, zvl\u00e1\u0161t\u011b v\u00a0p\u0159\u00edpad\u011b, kdy je pes doma t\u00e9m\u011b\u0159 po cel\u00fd [&hellip;]","datePublished":"2022-03-21","dateModified":"2023-04-29","author":{"@type":"Person","@id":"https:\/\/www.muronka.cz\/author\/#Person","name":"muronka.cz\n","url":"https:\/\/www.muronka.cz\/author\/","identifier":1,"image":{"@type":"ImageObject","@id":"https:\/\/secure.gravatar.com\/avatar\/69bd9b72104e3ccfb6214cbd23cb226f96c6ecf33a2a351fa1d4682235118df3?s=96&d=mm&r=g","url":"https:\/\/secure.gravatar.com\/avatar\/69bd9b72104e3ccfb6214cbd23cb226f96c6ecf33a2a351fa1d4682235118df3?s=96&d=mm&r=g","height":96,"width":96}},"publisher":{"@type":"Organization","name":"muronka.cz","logo":{"@type":"ImageObject","@id":"\/logo.png","url":"\/logo.png","width":600,"height":60}},"image":{"@type":"ImageObject","@id":"https:\/\/www.muronka.cz\/wp-content\/uploads\/pes6_2.jpg","url":"https:\/\/www.muronka.cz\/wp-content\/uploads\/pes6_2.jpg","height":0,"width":0},"url":"https:\/\/www.muronka.cz\/je-chovani-psu-v-panelakovem-byte-eticke\/","about":["Zv\u00ed\u0159ata"],"wordCount":417,"articleBody":"Psi pat\u0159\u00ed dnes k\u00a0nej\u010dast\u011bji chovan\u00fdm dom\u00e1c\u00edm mazl\u00ed\u010dk\u016fm v\u00a0na\u0161\u00ed republice. Vzhledem k\u00a0po\u010dtu dom\u00e1cnost\u00ed, kter\u00e9 alespo\u0148 jednoho vlastn\u00ed, je jasn\u00e9, \u017ee nen\u00ed mo\u017en\u00e9, aby v\u0161ichni m\u011bli rodinn\u00fd domek. Z\u00a0toho samoz\u0159ejm\u011b vypl\u00fdv\u00e1, \u017ee mnoho ps\u016f \u017eije v\u00a0byt\u011b, nej\u010dast\u011bji v\u00a0panel\u00e1ku.\u00a0To v\u0161ak n\u011bkter\u00fdm m\u016f\u017ee vadit, nebo\u0165 to pova\u017euj\u00ed za t\u00fdr\u00e1n\u00ed zv\u00ed\u0159at, zvl\u00e1\u0161t\u011b v\u00a0p\u0159\u00edpad\u011b, kdy je pes doma t\u00e9m\u011b\u0159 po cel\u00fd den s\u00e1m, nebo\u0165 jeho majitel je v\u00a0pr\u00e1ci. Nejen\u017ee toti\u017e ono zv\u00ed\u0159e nem\u00e1 co na pr\u00e1ci, ale tak\u00e9 se nem\u016f\u017ee vyven\u010dit, pokud bude pot\u0159ebovat. Pokud by bylo na zahrad\u011b, m\u011blo by v\u00edce prostoru k\u00a0pohybu a tak\u00e9 by nemuselo zadr\u017eovat mo\u010d.\u00a0Zd\u00e1lo by se tedy, \u017ee m\u00edt psa v\u00a0panel\u00e1ku rozhodn\u011b nen\u00ed ide\u00e1ln\u00ed. Ov\u0161em, jak se ukazuje, cel\u00e1 v\u011bc je podstatn\u011b slo\u017eit\u011bj\u0161\u00ed. Zdaleka ne v\u017edy jsou toti\u017e podm\u00ednky pro zv\u00ed\u0159e tak tvrd\u00e9, jak bylo pr\u00e1v\u011b pops\u00e1no, a plat\u00ed to samoz\u0159ejm\u011b i naopak.\u00a0\u00a0Za prv\u00e9 je pot\u0159eba si uv\u011bdomit, \u017ee zdaleka ne v\u0161ichni lid\u00e9 maj\u00ed klasickou osmihodinovou pracovn\u00ed dobu. N\u011bkte\u0159\u00ed si nav\u00edc mohou vz\u00edt sv\u00e9ho psa do zam\u011bstn\u00e1n\u00ed, jin\u00ed pro zm\u011bnu pracuj\u00ed z\u00a0domova. V\u0161echny tyto p\u0159\u00edpady znamenaj\u00ed, \u017ee pes nen\u00ed doma s\u00e1m ani zdaleka tak dlouho, zat\u00edmco n\u011bkte\u0159\u00ed klasi\u010dt\u00ed \u201ezahradn\u00ed\u201c psi tr\u00e1v\u00ed prakticky cel\u00fd den osamocen\u011b na zahrad\u011b, bez kontaktu se sv\u00fdm \u010dlov\u011bkem.\u00a0\u00a0Tak\u00e9 p\u00e9\u010de po p\u0159\u00edchodu z\u00a0pr\u00e1ce se m\u016f\u017ee li\u0161it. Mnoho majitel\u016f toti\u017e bere sv\u00e9ho psa na dlouhou, mnohdy n\u011bkolikahodinovou, vych\u00e1zku, spojenou nap\u0159\u00edklad s\u00a0hran\u00edm \u010di tr\u00e9ninkem, o v\u00edkendu pak podnikaj\u00ed i dlouh\u00e9 spole\u010dn\u00e9 v\u00fdlety, zat\u00edmco jin\u00ed majitel\u00e9 nech\u00e1vaj\u00ed toho sv\u00e9ho po cel\u00fd den na zahrad\u011b, ani\u017e by s\u00a0n\u00edm \u0161li ven, nebo\u0165 \u201em\u016f\u017ee b\u011bhat po zahrad\u011b, kdy\u017e bude cht\u00edt\u201c.\u00a0Je tedy jasn\u00e9, \u017ee nez\u00e1le\u017e\u00ed ani zdaleka na tom, zda bydl\u00edme v\u00a0rodinn\u00e9m dom\u011b \u010di v\u00a0byt\u011b, nebo jak\u00e9 plemeno m\u00e1me, ale na tom, jak se o n\u011bj star\u00e1me a zda mu d\u00e1v\u00e1me skute\u010dn\u011b v\u0161e, co pot\u0159ebuje. Jen tak toti\u017e budou v\u0161ichni skute\u010dn\u011b spokojen\u00ed.                                                                                                                                                                                                                                                                                                                                                                                        4.4\/5 - (11 votes)        "},{"@context":"https:\/\/schema.org\/","@type":"BreadcrumbList","itemListElement":[{"@type":"ListItem","position":1,"name":"Je chov\u00e1n\u00ed ps\u016f v panel\u00e1kov\u00e9m byt\u011b etick\u00e9?","item":"https:\/\/www.muronka.cz\/je-chovani-psu-v-panelakovem-byte-eticke\/#breadcrumbitem"}]}]