[{"@context":"https:\/\/schema.org\/","@type":"Article","@id":"https:\/\/www.muronka.cz\/narodni-technicka-knihovna\/#Article","mainEntityOfPage":"https:\/\/www.muronka.cz\/narodni-technicka-knihovna\/","headline":"N\u00e1rodn\u00ed technick\u00e1 knihovna","name":"N\u00e1rodn\u00ed technick\u00e1 knihovna","description":"Nen\u00ed v provozu ani cel\u00e9 desetilet\u00ed. Jej\u00ed sou\u010dasn\u00e1 podoba, t\u00edm se rozum\u00ed nov\u00e1 budova je otev\u0159ena od roku 2006, p\u0159i\u010dem\u017e se budovala necel\u00e9 t\u0159i roky. Najdeme ji v pra\u017esk\u00fdch Dejvic\u00edch v are\u00e1lu \u0161kol \u010cVUT a V\u0160CHT, proto n\u00e1v\u0161t\u011bvnost tvo\u0159\u00ed z nejv\u011bt\u0161\u00ed \u010d\u00e1sti studenti pr\u00e1v\u011b t\u011bchto vysok\u00fdch \u0161kol. Je to organizace a je \u0159\u00edzen\u00e1 Ministerstvem \u0161kolstv\u00ed, [&hellip;]","datePublished":"2019-06-12","dateModified":"2023-04-29","author":{"@type":"Person","@id":"https:\/\/www.muronka.cz\/author\/#Person","name":"muronka.cz\n","url":"https:\/\/www.muronka.cz\/author\/","identifier":1,"image":{"@type":"ImageObject","@id":"https:\/\/secure.gravatar.com\/avatar\/69bd9b72104e3ccfb6214cbd23cb226f96c6ecf33a2a351fa1d4682235118df3?s=96&d=mm&r=g","url":"https:\/\/secure.gravatar.com\/avatar\/69bd9b72104e3ccfb6214cbd23cb226f96c6ecf33a2a351fa1d4682235118df3?s=96&d=mm&r=g","height":96,"width":96}},"publisher":{"@type":"Organization","name":"muronka.cz","logo":{"@type":"ImageObject","@id":"\/logo.png","url":"\/logo.png","width":600,"height":60}},"image":{"@type":"ImageObject","@id":"https:\/\/www.muronka.cz\/wp-content\/uploads\/img_a348808_w1977_t1563647119.jpg","url":"https:\/\/www.muronka.cz\/wp-content\/uploads\/img_a348808_w1977_t1563647119.jpg","height":0,"width":0},"url":"https:\/\/www.muronka.cz\/narodni-technicka-knihovna\/","about":["Slu\u017eby"],"wordCount":381,"articleBody":"Nen\u00ed v provozu ani cel\u00e9 desetilet\u00ed. Jej\u00ed sou\u010dasn\u00e1 podoba, t\u00edm se rozum\u00ed nov\u00e1 budova je otev\u0159ena od roku 2006, p\u0159i\u010dem\u017e se budovala necel\u00e9 t\u0159i roky. Najdeme ji v pra\u017esk\u00fdch Dejvic\u00edch v are\u00e1lu \u0161kol \u010cVUT a V\u0160CHT, proto n\u00e1v\u0161t\u011bvnost tvo\u0159\u00ed z nejv\u011bt\u0161\u00ed \u010d\u00e1sti studenti pr\u00e1v\u011b t\u011bchto vysok\u00fdch \u0161kol. Je to organizace a je \u0159\u00edzen\u00e1 Ministerstvem \u0161kolstv\u00ed, ml\u00e1de\u017ee a t\u011blov\u00fdchovy. Nyn\u00ed \u010d\u00edt\u00e1 n\u011bco p\u0159es milion svazk\u016f, nen\u00ed divu, \u017ee se jedn\u00e1 o nejv\u011bt\u0161\u00ed knihovnu technick\u00e9 literatury v \u010cesk\u00e9 republice. M\u00e1 celkem dev\u011bt podla\u017e\u00ed, z \u010deho\u017e jsou 3 podzemn\u00ed podla\u017e\u00ed v\u010detn\u011b depozit\u00e1\u0159e a parkovi\u0161t\u011b a \u0161est nadzemn\u00edch podla\u017e\u00ed. Atrium do tvaru prav\u00e9ho \u00fahlu zahrnuje pr\u00e1v\u011b nadzemn\u00ed podla\u017e\u00ed.  Otev\u00edrac\u00ed doba se li\u0161\u00ed dle ro\u010dn\u00edho obdob\u00ed, respektive v l\u00e9t\u011b, v term\u00ednu od 29.6 \u2013 13.9. m\u00e1 knihovna odli\u0161n\u00e9 otev\u00edrac\u00ed hodiny. Ka\u017ed\u00e1 \u010d\u00e1st je p\u0159\u00edstupna v jinou dobu. Pro tyto informace doporu\u010duji nav\u0161t\u00edvit web N\u00e1rodn\u00ed technick\u00e9 knihovny, dokonce i v letn\u00edch term\u00ednech je otev\u0159en\u00ed rozd\u011bleno na n\u011bkolik turnus\u016f. Pokud se rozhodnete knihovnu pravideln\u011b nav\u0161t\u011bvovat, budete se muset registrovat. Tak m\u016f\u017eete u\u010dinit u registra\u010dn\u00edho pultu v p\u0159\u00edzem\u00ed knihovny, kde na V\u00e1s budou \u010dekat turnikety. Tam zvol\u00edte mo\u017enost Registrace a po\u010dk\u00e1te na sv\u00e9 \u010d\u00edslo. Samoz\u0159ejm\u011b si m\u016f\u017eete na internetu st\u00e1hnout jejich registra\u010dn\u00ed formul\u00e1\u0159 a proces o chv\u00edli urychlit. K registraci pot\u0159ebujete ob\u010dansk\u00fd pr\u016fkaz, \u010dipovou kartu (nap\u0159. ISIC, Opencard, In-karta,\u2026) pokud nevlastn\u00edte \u017e\u00e1dnou, vyrob\u00ed V\u00e1m j\u00ed za poplatek 200K\u010d.  Knihovna V\u00e1m na opl\u00e1tku nab\u00eddne mo\u017enost vyp\u016fj\u010den\u00ed a rezervaci titul\u016f, kter\u00e9 v dan\u00fd moment v budov\u011b chyb\u00ed, p\u0159\u00edstup k po\u010d\u00edta\u010d\u016fm, p\u0159ipojen\u00ed k Wi-Fi, mo\u017enost rezervovat si m\u00edstnosti, kter\u00e9 by mohly slou\u017eit jako pracovny k p\u0159\u00edprav\u011b skupinov\u00fdch projekt\u016f. Rovn\u011b\u017e m\u016f\u017eete vyu\u017e\u00edt no\u010dn\u00ed a tichou studovnu. Tamn\u00ed tisk\u00e1rny jsou tak\u00e9 v\u00e1z\u00e1ny k registraci. Pokud se zaregistrujete, sami si zvol\u00edte, na jak dlouho. M\u016f\u017eete na rok nebo na \u0161est m\u011bs\u00edc\u016f.                                                                                                                                                                                                                                                                                                                                                                                         4\/5 - (5 votes)        "},{"@context":"https:\/\/schema.org\/","@type":"BreadcrumbList","itemListElement":[{"@type":"ListItem","position":1,"name":"N\u00e1rodn\u00ed technick\u00e1 knihovna","item":"https:\/\/www.muronka.cz\/narodni-technicka-knihovna\/#breadcrumbitem"}]}]