[{"@context":"https:\/\/schema.org\/","@type":"Article","@id":"https:\/\/www.muronka.cz\/stoji-to-za-zamysleni\/#Article","mainEntityOfPage":"https:\/\/www.muronka.cz\/stoji-to-za-zamysleni\/","headline":"Stoj\u00ed to za zamy\u0161len\u00ed?","name":"Stoj\u00ed to za zamy\u0161len\u00ed?","description":"Mo\u017en\u00e1, \u017ee i v\u00e1m n\u011bkdy p\u0159i\u0161lo na mysl, jestli lidem sta\u010d\u00ed k pozn\u00e1n\u00ed zn\u00e1t ur\u010ditou \u010d\u00e1st krajiny a jej\u00ed historii, kter\u00e1 se k n\u00ed v\u00e1\u017ee. Je tolik kr\u00e1sn\u00fdch m\u00edst a s nimi je spojeno plno kulturn\u00edch z\u00e1\u017eitk\u016f. V\u017edy\u0165 kulturn\u00ed d\u011bdictv\u00ed po na\u0161ich p\u0159edc\u00edch, to je n\u00e1\u0161 nejcenn\u011bj\u0161\u00ed duchovn\u00ed majetek. Pozn\u00e1vat svou zemi, v\u0161echny jej\u00ed zaj\u00edmav\u00e1 [&hellip;]","datePublished":"2019-07-16","dateModified":"2023-04-29","author":{"@type":"Person","@id":"https:\/\/www.muronka.cz\/author\/#Person","name":"muronka.cz\n","url":"https:\/\/www.muronka.cz\/author\/","identifier":1,"image":{"@type":"ImageObject","@id":"https:\/\/secure.gravatar.com\/avatar\/69bd9b72104e3ccfb6214cbd23cb226f96c6ecf33a2a351fa1d4682235118df3?s=96&d=mm&r=g","url":"https:\/\/secure.gravatar.com\/avatar\/69bd9b72104e3ccfb6214cbd23cb226f96c6ecf33a2a351fa1d4682235118df3?s=96&d=mm&r=g","height":96,"width":96}},"publisher":{"@type":"Organization","name":"muronka.cz","logo":{"@type":"ImageObject","@id":"\/logo.png","url":"\/logo.png","width":600,"height":60}},"image":{"@type":"ImageObject","@id":"https:\/\/www.muronka.cz\/wp-content\/uploads\/img_a349741_w1977_t1564834047.jpg","url":"https:\/\/www.muronka.cz\/wp-content\/uploads\/img_a349741_w1977_t1564834047.jpg","height":0,"width":0},"url":"https:\/\/www.muronka.cz\/stoji-to-za-zamysleni\/","about":["Kultura"],"wordCount":436,"articleBody":"Mo\u017en\u00e1, \u017ee i v\u00e1m n\u011bkdy p\u0159i\u0161lo na mysl, jestli lidem sta\u010d\u00ed k pozn\u00e1n\u00ed zn\u00e1t ur\u010ditou \u010d\u00e1st krajiny a jej\u00ed historii, kter\u00e1 se k n\u00ed v\u00e1\u017ee. Je tolik kr\u00e1sn\u00fdch m\u00edst a s nimi je spojeno plno kulturn\u00edch z\u00e1\u017eitk\u016f. V\u017edy\u0165 kulturn\u00ed d\u011bdictv\u00ed po na\u0161ich p\u0159edc\u00edch, to je n\u00e1\u0161 nejcenn\u011bj\u0161\u00ed duchovn\u00ed majetek. Pozn\u00e1vat svou zemi, v\u0161echny jej\u00ed zaj\u00edmav\u00e1 a historick\u00e1 m\u00edsta, Nav\u0161t\u011bvovat r\u016fzn\u00e9 folkl\u00f3rn\u00ed slavnosti v na\u0161ich kraj\u00edch, to je to prvn\u00ed, s \u010d\u00edm by se lid\u00e9 u\u017e od ml\u00e1d\u00ed m\u011bli seznamovat.  M\u00e1me dobu, kdy lid\u00e9 mohou svobodn\u011b cestovat, pozn\u00e1vat i druh\u00e9 zem\u011b a to je ur\u010dit\u011b moc dob\u0159e. Mlad\u00ed lid\u00e9 to berou jako samoz\u0159ejmost, ale star\u0161\u00ed generace si jist\u011b vzpomene, \u017ee vycestov\u00e1n\u00ed do ciziny bylo dost omezen\u00e9. Vyu\u017e\u00edvala se k tomu tenkr\u00e1t cestovn\u00ed kancel\u00e1\u0159 \u010cedok. Ale mus\u00edme si p\u0159iznat, \u017ee kdy\u017e se vr\u00e1t\u00edme dom\u016f, tak si \u0159ekneme: \u201ev\u0161ude dob\u0159e, ale doma je nejl\u00e9pe\u201c.  Ale te\u010f tak trochu z jin\u00e9ho \u201ekulturn\u00edho\u201c soudku.   v Ekonomick\u00e1 NEROVNOST, kter\u00e1 se t\u00fdk\u00e1 jak v\u00fd\u0161ky p\u0159\u00edjm\u016f, tak vlastnictv\u00ed hmotn\u00e9ho majetku, v na\u0161\u00ed spole\u010dnosti m\u011bla a m\u00e1 odjak\u017eiva velk\u00fd vliv na kulturn\u00ed sebeur\u010den\u00ed ka\u017ed\u00e9ho jedince a cel\u00e9ho n\u00e1roda. A toto sebeur\u010den\u00ed pat\u0159\u00ed mezi na\u0161e z\u00e1kladn\u00ed lidsk\u00e9 pr\u00e1vo.  Za posledn\u00ed roky zp\u016fsob \u017eivota lid\u00ed, zvl\u00e1\u0161\u0165 ur\u010dit\u00e9 \u201eelity\u201c, to se n\u011bkdy vymyk\u00e1 tradi\u010dn\u00edmu \u010desk\u00e9mu kulturn\u00edmu chov\u00e1n\u00ed. Ano, m\u00e1me demokracii. M\u016f\u017eeme \u017e\u00edt po sv\u00e9m a samoz\u0159ejm\u011b se vyjad\u0159ovat kdekoliv a kdykoliv. Je to ale n\u011bkdy za hranou. Hlavn\u011b vyjad\u0159ov\u00e1n\u00ed i chov\u00e1n\u00ed n\u011bkter\u00fdch jedinc\u016f ve ve\u0159ejn\u00e9m \u017eivot\u011b. Ti, m\u00edsto toho, aby byli ostatn\u00edm p\u0159\u00edkladem, jak se m\u00e1 kulturn\u00ed \u010desk\u00fd \u010dlov\u011bk chovat, tak v lidech vyvol\u00e1vaj\u00ed zvl\u00e1\u0161tn\u00ed pocit \u2013 ur\u010ditou nejistotu. A to se z\u00e1konit\u011b odr\u00e1\u017e\u00ed nejenom na star\u0161\u00ed generaci, ale hlavn\u011b na na\u0161\u00ed ml\u00e1de\u017ei a d\u011bti \u0161kolou povinn\u00e9. A v\u00fdsledkem je to, \u017ee se slu\u0161n\u00fdm chov\u00e1n\u00edm to nem\u00e1 nic spole\u010dn\u00e9ho.  Mo\u017en\u00e1, i kdy\u017e se relativn\u011b m\u00e1me dob\u0159e, tak vystupov\u00e1n\u00ed mnoh\u00fdch lid\u00ed a jejich vztah ke kulturn\u00edmu chov\u00e1n\u00ed na ve\u0159ejnosti, je jak\u00e1si obrana proti nejistot\u011b, kter\u00e1 se projevuje v r\u016fzn\u00fdch \u017eivotn\u00edch situac\u00edch.                                                                                                                                                                                                                                                                                                                                                                                          4.7\/5 - (6 votes)        "},{"@context":"https:\/\/schema.org\/","@type":"BreadcrumbList","itemListElement":[{"@type":"ListItem","position":1,"name":"Stoj\u00ed to za zamy\u0161len\u00ed?","item":"https:\/\/www.muronka.cz\/stoji-to-za-zamysleni\/#breadcrumbitem"}]}]