[{"@context":"https:\/\/schema.org\/","@type":"Article","@id":"https:\/\/www.muronka.cz\/v-centru-pozornosti\/#Article","mainEntityOfPage":"https:\/\/www.muronka.cz\/v-centru-pozornosti\/","headline":"V centru pozornosti","name":"V centru pozornosti","description":"Kdo to osobn\u00ed stylista je? Prac\u00ed stylisty je rozebrat s v\u00e1mi v\u00e1\u0161 sou\u010dasn\u00fd \u0161atn\u00edk a vybrat s v\u00e1mi nov\u00e9 kousky, kter\u00e9 podtrhnou va\u0161e p\u0159ednosti a naopak zamaskuj\u00ed nedostatky. Krom\u011b toho v\u00e1m porad\u00ed i s l\u00ed\u010den\u00edm, \u00fapravou vlas\u016f nebo se \u017eivotn\u00edm stylem. Typick\u00fd den se stylistou nebo stylistkou za\u010d\u00edn\u00e1 v jejich ateli\u00e9ru, kde si sednete, proberete [&hellip;]","datePublished":"2025-02-24","dateModified":"2023-04-29","author":{"@type":"Person","@id":"https:\/\/www.muronka.cz\/author\/#Person","name":"muronka.cz\n","url":"https:\/\/www.muronka.cz\/author\/","identifier":1,"image":{"@type":"ImageObject","@id":"https:\/\/secure.gravatar.com\/avatar\/69bd9b72104e3ccfb6214cbd23cb226f96c6ecf33a2a351fa1d4682235118df3?s=96&d=mm&r=g","url":"https:\/\/secure.gravatar.com\/avatar\/69bd9b72104e3ccfb6214cbd23cb226f96c6ecf33a2a351fa1d4682235118df3?s=96&d=mm&r=g","height":96,"width":96}},"publisher":{"@type":"Organization","name":"muronka.cz","logo":{"@type":"ImageObject","@id":"\/logo.png","url":"\/logo.png","width":600,"height":60}},"image":{"@type":"ImageObject","@id":"https:\/\/www.muronka.cz\/wp-content\/uploads\/img_a298037_w1977_t1508353147.jpg","url":"https:\/\/www.muronka.cz\/wp-content\/uploads\/img_a298037_w1977_t1508353147.jpg","height":0,"width":0},"url":"https:\/\/www.muronka.cz\/v-centru-pozornosti\/","about":["Slu\u017eby"],"wordCount":438,"articleBody":" Kdo to osobn\u00ed stylista je? Prac\u00ed stylisty je rozebrat s v\u00e1mi v\u00e1\u0161 sou\u010dasn\u00fd \u0161atn\u00edk a vybrat s v\u00e1mi nov\u00e9 kousky, kter\u00e9 podtrhnou va\u0161e p\u0159ednosti a naopak zamaskuj\u00ed nedostatky. Krom\u011b toho v\u00e1m porad\u00ed i s l\u00ed\u010den\u00edm, \u00fapravou vlas\u016f nebo se \u017eivotn\u00edm stylem. Typick\u00fd den se stylistou nebo stylistkou za\u010d\u00edn\u00e1 v jejich ateli\u00e9ru, kde si sednete, proberete va\u0161i sou\u010dasnou situaci, va\u0161e p\u0159edstavy a va\u0161e finan\u010dn\u00ed mo\u017enosti. Pak vyraz\u00edte na n\u00e1kupy. Typicky za den obejdete t\u0159i a\u017e p\u011bt obchod\u016f. Kolik si toho odnesete, z\u00e1le\u017e\u00ed samoz\u0159ejm\u011b jen na v\u00e1s, ale typicky se m\u016f\u017eete t\u011b\u0161it na p\u011bt a\u017e deset nov\u00fdch p\u0159\u00edr\u016fstk\u016f. Podle toho, na \u010dem se domluv\u00edte, a samoz\u0159ejm\u011b co si zaplat\u00edte, m\u016f\u017ee n\u00e1sledovat je\u0161t\u011b n\u00e1v\u0161t\u011bva kade\u0159n\u00edka, mask\u00e9ra, nebo t\u0159eba profesion\u00e1ln\u00ed focen\u00ed.  Pro koho tu je? V podstat\u011b pro ka\u017ed\u00e9ho, kdo ve sv\u011bt\u011b obl\u00e9k\u00e1n\u00ed a m\u00f3dy trochu t\u00e1pe. M\u016f\u017ee to b\u00fdt jak absolvent, kter\u00fd zrovna z\u00edskal svou prvn\u00ed v\u00e1\u017enou pr\u00e1ci, n\u011bkdo, kdo chce prost\u011b zm\u011bnit sv\u016fj \u017eivotn\u00ed styl, nebo t\u0159eba i n\u011bkdo, kdo se chyst\u00e1 na form\u00e1ln\u00ed akci. Stylista v\u00e1m pom\u016f\u017ee vybrat padnouc\u00ed oblek, pozn\u00e1 rozd\u00edl mezi frakem a \u0161osem, nebo v\u00e1m \u0159ekne, co se zrovna nos\u00ed. Rozhodn\u011b si tedy nemus\u00edte p\u0159ipadat trapn\u011b nebo se styd\u011bt, \u017ee se nechyst\u00e1te utratit tis\u00edce. Ti nejlep\u0161\u00ed ve sv\u00e9 profesi dok\u00e1\u017e\u00ed pracovat i s omezen\u00fdm rozpo\u010dtem, a maj\u00ed ob\u010d\u00edhnut\u00e9 nejlep\u0161\u00ed slevy a ak\u010dn\u00ed nab\u00eddky. Kolik to stoj\u00ed? T\u00edm, co spoustu lid\u00ed odrazuje, je p\u0159esv\u011bd\u010den\u00ed, \u017ee osobn\u00ed stylist\u00e9 jsou draz\u00ed. Ano, je to dra\u017e\u0161\u00ed ne\u017e vyrazit po obchodech s\u00e1m, ale rozhodn\u011b to nen\u00ed n\u011bjak\u00e1 p\u0159emr\u0161t\u011bn\u00e1 \u010d\u00e1stka. Stylista v\u00e1s p\u0159ijde na p\u00e1r tis\u00edc za den, plus oble\u010den\u00ed, kter\u00e9 si po\u0159\u00edd\u00edte. P\u0159iplat\u00edte si pouze v p\u0159\u00edpad\u011b, \u017ee budete m\u00edt z\u00e1jem i o dal\u0161\u00ed slu\u017eby, jako je make-up, kade\u0159n\u00edk nebo profesion\u00e1ln\u011b proveden\u00e9 fotografie.  Objednat si osobn\u00edho poradce s oble\u010den\u00edm je v podstat\u011b stejn\u00e9 jako vyrazit na n\u00e1kupy s kamar\u00e1dkou nebo kamar\u00e1dem, akor\u00e1t \u017ee tenhle kamar\u00e1d zn\u00e1 nejlep\u0161\u00ed nab\u00eddky a v\u017edycky p\u0159esn\u011b v\u00ed, kam j\u00edt. A vy budete ve sv\u011btle reflektor\u016f jen z\u00e1\u0159it.                                                                                                                                                                                                                                                                                                                                                                                          4.2\/5 - (4 votes)        "},{"@context":"https:\/\/schema.org\/","@type":"BreadcrumbList","itemListElement":[{"@type":"ListItem","position":1,"name":"V centru pozornosti","item":"https:\/\/www.muronka.cz\/v-centru-pozornosti\/#breadcrumbitem"}]}]