[{"@context":"https:\/\/schema.org\/","@type":"Article","@id":"https:\/\/www.muronka.cz\/zlatnik-s-laskou-k-remeslu\/#Article","mainEntityOfPage":"https:\/\/www.muronka.cz\/zlatnik-s-laskou-k-remeslu\/","headline":"Zlatn\u00edk s l\u00e1skou k \u0159emeslu","name":"Zlatn\u00edk s l\u00e1skou k \u0159emeslu","description":"Od sv\u00fdch d\u011btsk\u00fdch let jsem si p\u0159\u00e1l b\u00fdt zlatn\u00edkem a to se mi tak\u00e9 d\u00edky m\u00e9mu \u00fasil\u00ed a p\u00edli splnilo. Te\u010f pro v\u00e1s mohu vyr\u00e1b\u011bt \u0161perky, kter\u00e9 jsou jedine\u010dn\u00e9, v\u017edy origin\u00e1ln\u00ed a p\u0159edev\u0161\u00edm kvalitn\u00ed. Mohu rozd\u00e1vat radost mnoha \u017een\u00e1m, ale tak\u00e9 samoz\u0159ejm\u011b mu\u017e\u016fm. Nab\u00edz\u00edm v\u00e1m snubn\u00ed i z\u00e1snubn\u00ed prsteny a jin\u00e9 \u0161perky, kter\u00e9 v\u00e1m budou [&hellip;]","datePublished":"2024-11-16","dateModified":"2024-11-16","author":{"@type":"Person","@id":"https:\/\/www.muronka.cz\/author\/#Person","name":"muronka.cz\n","url":"https:\/\/www.muronka.cz\/author\/","identifier":1,"image":{"@type":"ImageObject","@id":"https:\/\/secure.gravatar.com\/avatar\/69bd9b72104e3ccfb6214cbd23cb226f96c6ecf33a2a351fa1d4682235118df3?s=96&d=mm&r=g","url":"https:\/\/secure.gravatar.com\/avatar\/69bd9b72104e3ccfb6214cbd23cb226f96c6ecf33a2a351fa1d4682235118df3?s=96&d=mm&r=g","height":96,"width":96}},"publisher":{"@type":"Organization","name":"muronka.cz","logo":{"@type":"ImageObject","@id":"\/logo.png","url":"\/logo.png","width":600,"height":60}},"url":"https:\/\/www.muronka.cz\/zlatnik-s-laskou-k-remeslu\/","wordCount":173,"articleBody":"Od sv\u00fdch d\u011btsk\u00fdch let jsem si p\u0159\u00e1l b\u00fdt zlatn\u00edkem a to se mi tak\u00e9 d\u00edky m\u00e9mu \u00fasil\u00ed a p\u00edli splnilo. Te\u010f pro v\u00e1s mohu vyr\u00e1b\u011bt \u0161perky, kter\u00e9 jsou jedine\u010dn\u00e9, v\u017edy origin\u00e1ln\u00ed a p\u0159edev\u0161\u00edm kvalitn\u00ed. Mohu rozd\u00e1vat radost mnoha \u017een\u00e1m, ale tak\u00e9 samoz\u0159ejm\u011b mu\u017e\u016fm. Nab\u00edz\u00edm v\u00e1m snubn\u00ed i z\u00e1snubn\u00ed prsteny a jin\u00e9 \u0161perky, kter\u00e9 v\u00e1m budou jist\u011b slu\u0161et.Va\u0161e \u0161perky budou jedine\u010dn\u00e9Velice si zakl\u00e1d\u00e1 na originalit\u011b a kvalit\u011b. U m\u011b m\u00e1te nav\u00edc jistotu, \u017ee jsou \u0161perky vyr\u00e1b\u011bn\u00e9 s l\u00e1skou k \u0159emeslu. S ka\u017ed\u00fdm \u0161perkem str\u00e1v\u00edm tolik \u010dasu, kolik si jen zaslou\u017e\u00ed a rozhodn\u011b nic neurychluji na \u00fakor vzhledu \u010di kvality. \u0160perky od n\u00e1s v\u00e1s budou zdobit po cel\u00fd \u017eivot a budou st\u00e1le stejn\u011b kr\u00e1sn\u00e9. Kupte si z\u00e1snubn\u00ed prsten nebo jin\u00e9 \u0161perky u n\u00e1s a budete spokojeni.                                                                                                                                                                                                                                                                                                                                                                                        3.4\/5 - (5 votes)        "},{"@context":"https:\/\/schema.org\/","@type":"BreadcrumbList","itemListElement":[{"@type":"ListItem","position":1,"name":"Zlatn\u00edk s l\u00e1skou k \u0159emeslu","item":"https:\/\/www.muronka.cz\/zlatnik-s-laskou-k-remeslu\/#breadcrumbitem"}]}]